{"id":2028,"date":"2018-11-26T17:07:20","date_gmt":"2018-11-26T16:07:20","guid":{"rendered":"http:\/\/kmr.se\/wp\/?p=1469"},"modified":"2018-11-26T17:07:20","modified_gmt":"2018-11-26T16:07:20","slug":"andrade-medlemsavgifter","status":"publish","type":"post","link":"http:\/\/kmr.se\/kmr3\/andrade-medlemsavgifter\/","title":{"rendered":"\u00c4ndrade medlemsavgifter"},"content":{"rendered":"<p>Den 1 juli 2018 \u00e5terinf\u00f6rdes som bekant skattereduktion f\u00f6r fackf\u00f6reningsavgifter. Det inneb\u00e4r att du som \u00e4r medlem i ett fackf\u00f6rbund betalar 25 procent l\u00e4gre medlemsavgift. Besparingen f\u00f6r en medlem i L\u00e4rarf\u00f6rbundet genom avdragseffekten kan bli upp till 975 kronor per \u00e5r r\u00e4knat p\u00e5 \u00e5rets medlemsavgiftsniv\u00e5er. Du beh\u00f6ver inte sj\u00e4lv ans\u00f6ka om avdrag, din fackliga organisation s\u00e4nder kontrolluppgift till Skatteverket. Du f\u00e5r tillbaka 25% av medlemsavgiften som skatte\u00e5terb\u00e4ring \u00e5ret efter. L\u00e4s mera om detta i denna tidnings juli\/augusti-nummer 2018.<br \/>\nMen ocks\u00e5 L\u00e4rarf\u00f6rbundets medlemsavgiftsniv\u00e5er har justerats. F\u00f6rbundets kongress beslutade nyligen att \u00e4ndra medlemsavgiften f\u00f6r yrkesverksamma medlemmar. Fr\u00e5n 1 januari 2019 f\u00e5r majoriteten av f\u00f6rbundets medlemmar en l\u00e4gre avgift. Avgiften kommer att baseras p\u00e5 arbetstid och inte, som i dag, inkomst. F\u00f6ljande m\u00e5natliga medlemsavgifter kommer att g\u00e4lla:<br \/>\n\u2022 290 kronor \u2013 betalas av alla yrkesaktiva medlemmar som arbetar 75-100%.<br \/>\n\u2022 150 kronor \u2013 betalas av \u00f6vriga (yrkesverksamma som arbetar 74% eller l\u00e4gre, f\u00f6r\u00e4ldralediga, arbetsl\u00f6sa, sjukskrivna och tj\u00e4nstlediga utan inkomst).<br \/>\nF\u00f6r pension\u00e4rer, doktorander och studerandemedlemmar sker inga f\u00f6r\u00e4ndringar. Inte heller sker n\u00e5gra f\u00f6r\u00e4ndringar i det till\u00e4gg som betalas av den som \u00e4r dubbelansluten till L\u00e4rarf\u00f6rbundet-KMR.<br \/>\nSkatteverkets avdragsregler kommer f\u00f6rst\u00e5s att baseras p\u00e5 de nya beloppen.<br \/>\n<a href=\"https:\/\/www.lararforbundet.se\/artiklar\/lararforbundets-medlemsavgift\">L\u00e4s mer om f\u00f6r\u00e4ndringarna h\u00e4r.<\/a><br \/>\n<b><span style=\"font-family: Arial;\">Henrik Tobin<br \/>\n<\/span><\/b>Ombudsman<\/p>\n","protected":false},"excerpt":{"rendered":"<p>Den 1 juli 2018 \u00e5terinf\u00f6rdes som bekant skattereduktion f\u00f6r fackf\u00f6reningsavgifter. [&hellip;]<\/p>\n","protected":false},"author":1,"featured_media":0,"comment_status":"closed","ping_status":"open","sticky":false,"template":"","format":"standard","meta":[],"categories":[6],"tags":[],"_links":{"self":[{"href":"http:\/\/kmr.se\/kmr3\/wp-json\/wp\/v2\/posts\/2028"}],"collection":[{"href":"http:\/\/kmr.se\/kmr3\/wp-json\/wp\/v2\/posts"}],"about":[{"href":"http:\/\/kmr.se\/kmr3\/wp-json\/wp\/v2\/types\/post"}],"author":[{"embeddable":true,"href":"http:\/\/kmr.se\/kmr3\/wp-json\/wp\/v2\/users\/1"}],"replies":[{"embeddable":true,"href":"http:\/\/kmr.se\/kmr3\/wp-json\/wp\/v2\/comments?post=2028"}],"version-history":[{"count":0,"href":"http:\/\/kmr.se\/kmr3\/wp-json\/wp\/v2\/posts\/2028\/revisions"}],"wp:attachment":[{"href":"http:\/\/kmr.se\/kmr3\/wp-json\/wp\/v2\/media?parent=2028"}],"wp:term":[{"taxonomy":"category","embeddable":true,"href":"http:\/\/kmr.se\/kmr3\/wp-json\/wp\/v2\/categories?post=2028"},{"taxonomy":"post_tag","embeddable":true,"href":"http:\/\/kmr.se\/kmr3\/wp-json\/wp\/v2\/tags?post=2028"}],"curies":[{"name":"wp","href":"https:\/\/api.w.org\/{rel}","templated":true}]}}