{"id":2029,"date":"2018-12-03T18:10:55","date_gmt":"2018-12-03T17:10:55","guid":{"rendered":"http:\/\/kmr.se\/wp\/?p=1487"},"modified":"2023-01-25T15:10:51","modified_gmt":"2023-01-25T14:10:51","slug":"vaxtplats-ostersund","status":"publish","type":"post","link":"http:\/\/kmr.se\/kmr3\/vaxtplats-ostersund\/","title":{"rendered":"V\u00e4xtplats \u00d6stersund"},"content":{"rendered":"<p><img decoding=\"async\" class=\"alignnone size-full wp-image-2135\" src=\"http:\/\/kmr.se\/kmr3\/wp-content\/uploads\/2018\/12\/bild.jpg\" alt=\"\" width=\"434\" height=\"326\" srcset=\"http:\/\/kmr.se\/kmr3\/wp-content\/uploads\/2018\/12\/bild-200x150.jpg 200w, http:\/\/kmr.se\/kmr3\/wp-content\/uploads\/2018\/12\/bild-300x225.jpg 300w, http:\/\/kmr.se\/kmr3\/wp-content\/uploads\/2018\/12\/bild-400x300.jpg 400w, http:\/\/kmr.se\/kmr3\/wp-content\/uploads\/2018\/12\/bild.jpg 434w\" sizes=\"(max-width: 434px) 100vw, 434px\" \/><\/p>\n<p>Man kan ju fr\u00e5ga sig varf\u00f6r vi i KMT:s decembernummer valt att skriva s\u00e5 mycket om vad som sker betr\u00e4ffande \u00e5terv\u00e4xt i kyrkomusikerk\u00e5ren\u00a0och samarbeten just i <strong>\u00d6stersund med lite omnejd<\/strong>. Svaret \u00e4r dels det sj\u00e4lvklara, att det finns all anledning att i KMT belysa olika insatser som mer eller mindre uttryckligen kan bidra till \u00e5terv\u00e4xten av kyrkomusiker, dels att flera intressanta grepp och erfarenheter fanns samlade kring Storsj\u00f6n, mitt i Sverige som det \u00e4r.<br \/>\nDet finns m\u00e5nga bra och sp\u00e4nnande initiativ p\u00e5 g\u00e5ng i olika delar av landet. F\u00f6r kollegialt erfarenhetsutbyte och inspirationsspridning \u00f6ppnar vi fr\u00e5n och med nu avdelningen <strong>V\u00e4xthuset<\/strong>. D\u00e4r kan man ber\u00e4tta om olika initiativ som mer eller mindre direkt syftar till att komma tillr\u00e4tta med rekryteringsproblemet. V\u00e4lkomna att medverka.<br \/>\nI det h\u00e4r numret har vi \u00e4ven gl\u00e4djen att presentera <strong>\u00e5rets julkryss<\/strong>.<br \/>\nGod l\u00e4sning, Bo Silfverberg, redakt\u00f6r<\/p>\n","protected":false},"excerpt":{"rendered":"<p>Man kan ju fr\u00e5ga sig varf\u00f6r vi i KMT:s decembernummer [&hellip;]<\/p>\n","protected":false},"author":1,"featured_media":0,"comment_status":"closed","ping_status":"open","sticky":false,"template":"","format":"standard","meta":[],"categories":[4],"tags":[],"_links":{"self":[{"href":"http:\/\/kmr.se\/kmr3\/wp-json\/wp\/v2\/posts\/2029"}],"collection":[{"href":"http:\/\/kmr.se\/kmr3\/wp-json\/wp\/v2\/posts"}],"about":[{"href":"http:\/\/kmr.se\/kmr3\/wp-json\/wp\/v2\/types\/post"}],"author":[{"embeddable":true,"href":"http:\/\/kmr.se\/kmr3\/wp-json\/wp\/v2\/users\/1"}],"replies":[{"embeddable":true,"href":"http:\/\/kmr.se\/kmr3\/wp-json\/wp\/v2\/comments?post=2029"}],"version-history":[{"count":4,"href":"http:\/\/kmr.se\/kmr3\/wp-json\/wp\/v2\/posts\/2029\/revisions"}],"predecessor-version":[{"id":2134,"href":"http:\/\/kmr.se\/kmr3\/wp-json\/wp\/v2\/posts\/2029\/revisions\/2134"}],"wp:attachment":[{"href":"http:\/\/kmr.se\/kmr3\/wp-json\/wp\/v2\/media?parent=2029"}],"wp:term":[{"taxonomy":"category","embeddable":true,"href":"http:\/\/kmr.se\/kmr3\/wp-json\/wp\/v2\/categories?post=2029"},{"taxonomy":"post_tag","embeddable":true,"href":"http:\/\/kmr.se\/kmr3\/wp-json\/wp\/v2\/tags?post=2029"}],"curies":[{"name":"wp","href":"https:\/\/api.w.org\/{rel}","templated":true}]}}